{"id":2458,"date":"2025-05-27T19:23:01","date_gmt":"2025-05-27T17:23:01","guid":{"rendered":"https:\/\/www.viatoris.de\/viatoris\/?p=2458"},"modified":"2025-07-01T10:38:29","modified_gmt":"2025-07-01T08:38:29","slug":"dorenburg-in-grefrath-2025","status":"publish","type":"post","link":"https:\/\/www.viatoris.de\/viatoris\/2025\/05\/27\/dorenburg-in-grefrath-2025\/","title":{"rendered":"Dorenburg in Grefrath 2025"},"content":{"rendered":"<h3>12. Mittelaltermarkt an der Dorenburg<\/h3>\n<p>Zum nunmehr zw\u00f6lften Mal lockte der Mittelaltermarkt an der Dorenburg im <a href=\"https:\/\/www.viatoris.de\/viatoris\/locations\/niederrheinisches-freilichtmuseum-grefrath\/\">Freilichtmuseum Grefrath<\/a>.<br \/>\nGeboten wurde wie bereits in den Jahren zuvor ein kleiner aber feiner Mittelaltermarkt und eine sehr kleine Feldschlacht, wetterbedingt eher eine Kampfeinlage.<\/p>\n<p>Mit dabei waren Marcus von Havenburn, Katharina von Kempen mit ihrer Nichte, Rheinhold von Krinvelde und Anna von Nievenheim mit ihrer Gremplerbank.<\/p>\n<h5>Das Lager<\/h5>\n<figure id=\"attachment_2486\" aria-describedby=\"caption-attachment-2486\" style=\"width: 150px\" class=\"wp-caption alignleft\"><a href=\"https:\/\/www.viatoris.de\/viatoris\/wp-content\/uploads\/2025\/07\/Grefrath2025_11.jpg\"><img loading=\"lazy\" decoding=\"async\" class=\"wp-image-2486 size-thumbnail\" style=\"border: 1px solid #000000;\" src=\"https:\/\/www.viatoris.de\/viatoris\/wp-content\/uploads\/2025\/07\/Grefrath2025_11-150x84.jpg\" alt=\"\" width=\"150\" height=\"84\" srcset=\"https:\/\/www.viatoris.de\/viatoris\/wp-content\/uploads\/2025\/07\/Grefrath2025_11-150x84.jpg 150w, https:\/\/www.viatoris.de\/viatoris\/wp-content\/uploads\/2025\/07\/Grefrath2025_11-300x169.jpg 300w, https:\/\/www.viatoris.de\/viatoris\/wp-content\/uploads\/2025\/07\/Grefrath2025_11-1024x577.jpg 1024w, https:\/\/www.viatoris.de\/viatoris\/wp-content\/uploads\/2025\/07\/Grefrath2025_11-768x432.jpg 768w, https:\/\/www.viatoris.de\/viatoris\/wp-content\/uploads\/2025\/07\/Grefrath2025_11-1536x865.jpg 1536w, https:\/\/www.viatoris.de\/viatoris\/wp-content\/uploads\/2025\/07\/Grefrath2025_11-1420x800.jpg 1420w, https:\/\/www.viatoris.de\/viatoris\/wp-content\/uploads\/2025\/07\/Grefrath2025_11-710x400.jpg 710w, https:\/\/www.viatoris.de\/viatoris\/wp-content\/uploads\/2025\/07\/Grefrath2025_11.jpg 2048w\" sizes=\"auto, (max-width: 150px) 100vw, 150px\" \/><\/a><figcaption id=\"caption-attachment-2486\" class=\"wp-caption-text\">Katharina von Kempen<\/figcaption><\/figure>\n<p>Das Wetter in den Tagen vorher war eine einzige Regenorgie, so war das Gel\u00e4nde sehr durchweicht war. Aber insgesamt nicht so schlimm, wie im Vorjahr. Auch in diesem Jahr stand das gro\u00dfe Lager von <a href=\"http:\/\/habitare-1288.de\/\" target=\"_blank\" rel=\"noopener\">Habitare 1288<\/a> auf unsere Wiese und bildete eine lange, optisch recht ansprechend Gasse \u00fcber die gesamte L\u00e4nge der Wiese.<\/p>\n<p>Der Lageraufbau fand am Donnerstag Morgen statt. Wir standen wie sonst auch an der Dampfwalze bzw. dem S\u00e4gewerk, und bildeten wie \u00fcblich ein gro\u00dfes Gemeinschaftslager mit den <em>Lazarenern<\/em> und <em>Senex Sackulos<\/em>.<\/p>\n<figure id=\"attachment_2485\" aria-describedby=\"caption-attachment-2485\" style=\"width: 150px\" class=\"wp-caption alignright\"><a href=\"https:\/\/www.viatoris.de\/viatoris\/wp-content\/uploads\/2025\/07\/Grefrath2025_09.jpg\"><img loading=\"lazy\" decoding=\"async\" class=\"wp-image-2485 size-thumbnail\" style=\"border: 1px solid #000000;\" src=\"https:\/\/www.viatoris.de\/viatoris\/wp-content\/uploads\/2025\/07\/Grefrath2025_09-150x84.jpg\" alt=\"\" width=\"150\" height=\"84\" srcset=\"https:\/\/www.viatoris.de\/viatoris\/wp-content\/uploads\/2025\/07\/Grefrath2025_09-150x84.jpg 150w, https:\/\/www.viatoris.de\/viatoris\/wp-content\/uploads\/2025\/07\/Grefrath2025_09-300x169.jpg 300w, https:\/\/www.viatoris.de\/viatoris\/wp-content\/uploads\/2025\/07\/Grefrath2025_09-1024x577.jpg 1024w, https:\/\/www.viatoris.de\/viatoris\/wp-content\/uploads\/2025\/07\/Grefrath2025_09-768x432.jpg 768w, https:\/\/www.viatoris.de\/viatoris\/wp-content\/uploads\/2025\/07\/Grefrath2025_09-1536x865.jpg 1536w, https:\/\/www.viatoris.de\/viatoris\/wp-content\/uploads\/2025\/07\/Grefrath2025_09-1420x800.jpg 1420w, https:\/\/www.viatoris.de\/viatoris\/wp-content\/uploads\/2025\/07\/Grefrath2025_09-710x400.jpg 710w, https:\/\/www.viatoris.de\/viatoris\/wp-content\/uploads\/2025\/07\/Grefrath2025_09.jpg 2048w\" sizes=\"auto, (max-width: 150px) 100vw, 150px\" \/><\/a><figcaption id=\"caption-attachment-2485\" class=\"wp-caption-text\">Geselligkeit am Abend<\/figcaption><\/figure>\n<p>Insgesamt war das Wetter sehr unbest\u00e4ndig; es gab zwischendurch immer wieder Regenschauer. Die N\u00e4chte waren dann auch dementsprechend nass, kalt und sehr windig. In den nassen Gewandungen wurde man auch Tags\u00fcber nicht richtig warm. Aber zumindest wurde abends z\u00fcnftig getrunken.<\/p>\n<p>&nbsp;<\/p>\n<h5>Der Markt<\/h5>\n<p data-shortuuid=\"gz6ZBznf\">Wetterbedingt verirrten sich am Samstag nur wenige Besucher auf die Veranstaltung. Am Sonntag war das Wetter etwas besser und es kamen ein paar Besucher mehr.<\/p>\n<p data-shortuuid=\"gz6ZBznf\">Eine breite Palette an Verkaufsst\u00e4nden pr\u00e4sentierte ihre Waren und Musiker, Gaukler und Falkner belebten das Gel\u00e4nde. Gew\u00fcrzh\u00e4ndler, Hornkr\u00e4mer, Schuster, Silbergeschmeide, Mineralien, Lederzeugs, Kunsthandwerk, Pflanzen &amp; Kr\u00e4uter, Gewandung &amp; Kopfputz, R\u00e4ucherwerk, D\u00fcfte, Perlen, Katzenspielzeug, B\u00fccher, Lik\u00f6re &amp; Beerenweine und vieles mehr! Auch f\u00fcr das kulinarische Wohl war gesorgt. Backwaren aus dem Holzbackofen oder K\u00f6stlichkeiten vom offenen Feuer essen \u2013 f\u00fcr jeden Geschmack war etwas dabei. In den Tavernen konnten Getr\u00e4nke genossen werden, auch die Tagesst\u00e4tte f\u00fcr M\u00e4nner in der &#8222;Taverne zum Greifen&#8220; war wieder da.<\/p>\n<div class=\"pullquote pullquote-center\">\n<p>Gib deinen Mann bei uns ab, wir k\u00fcmmern uns Liebevoll um ihn und um dich.<\/p>\n<\/div>\n<h5>Kampfvorf\u00fchrung &#8211; Die Wiese war nass, rutschig und quasi unbespielbar<\/h5>\n<figure id=\"attachment_2502\" aria-describedby=\"caption-attachment-2502\" style=\"width: 113px\" class=\"wp-caption alignleft\"><a href=\"https:\/\/www.viatoris.de\/viatoris\/wp-content\/uploads\/2025\/07\/Grefrath2025_43.jpg\"><img loading=\"lazy\" decoding=\"async\" class=\"wp-image-2502 size-thumbnail\" style=\"border: 1px solid #000000;\" src=\"https:\/\/www.viatoris.de\/viatoris\/wp-content\/uploads\/2025\/07\/Grefrath2025_43-113x150.jpg\" alt=\"\" width=\"113\" height=\"150\" srcset=\"https:\/\/www.viatoris.de\/viatoris\/wp-content\/uploads\/2025\/07\/Grefrath2025_43-113x150.jpg 113w, https:\/\/www.viatoris.de\/viatoris\/wp-content\/uploads\/2025\/07\/Grefrath2025_43-225x300.jpg 225w, https:\/\/www.viatoris.de\/viatoris\/wp-content\/uploads\/2025\/07\/Grefrath2025_43-768x1024.jpg 768w, https:\/\/www.viatoris.de\/viatoris\/wp-content\/uploads\/2025\/07\/Grefrath2025_43-1152x1536.jpg 1152w, https:\/\/www.viatoris.de\/viatoris\/wp-content\/uploads\/2025\/07\/Grefrath2025_43-600x800.jpg 600w, https:\/\/www.viatoris.de\/viatoris\/wp-content\/uploads\/2025\/07\/Grefrath2025_43-300x400.jpg 300w, https:\/\/www.viatoris.de\/viatoris\/wp-content\/uploads\/2025\/07\/Grefrath2025_43.jpg 1536w\" sizes=\"auto, (max-width: 113px) 100vw, 113px\" \/><\/a><figcaption id=\"caption-attachment-2502\" class=\"wp-caption-text\">Ritter rosten im Regen<\/figcaption><\/figure>\n<p>Es gab an beiden Tagen zu wenige K\u00e4mpfer f\u00fcr eine richtige Feldschlacht, sodass sich die Feldschlacht eine kleine Kampfvorf\u00fchrung war; Die Wiese war sehr nass und rutschig.<br \/>\nAm Samstag zeigten wir ein paar Runden Circle of Honer und Kill the Captain. Nach der Hauerei gab es kleine eine Schildwall-Vorf\u00fchrung ohne Kinderschlacht. Es hat die ganze Kampfvorf\u00fchrung durch geregnet, und die Mannen standen rostend im Regen.<\/p>\n<p>Am Sonntag war das Wetter zwar etwas stabiler, aber es hatte die ganze Nacht durch geregnet. Der Kampplatz stand zwar nicht unter Wasser aber die Wiese war trotzdem unbespielbar. Aus Sicherheitsgr\u00fcnden hatte man sich mit dem Veranstalter dazu entschieden die Feldschlacht abzusagen, das hatte aber irgendwie niemand den Zuschauern mitgeteilt, die im Regen am Kampfplatz aufliefen und warteten. Also zeigten wir kurzentschlossen doch eine kleine eine Schildwall-Vorf\u00fchrung ohne Kinderschlacht, aber mit anschlie\u00dfender Fotosession und Erkl\u00e4rung diverser Techniken.<\/p>\n<p>&nbsp;<\/p>\n<p><strong>Fazit: Immer wieder gern, eine sehr ruhige und feine Veranstaltung!<\/strong><\/p>\n<p>Das Wetter war wie zumeist bei dieser Veranstaltung nicht sch\u00f6n, aber das ist halt Wetter &#8211; macht man nix dran.<br \/>\nUnser besonderer Dank gilt Katharina von Kempen, die sich sehr viel M\u00fche mit der t\u00e4glichen Lagerarbeit gemacht hat, hier sei insbesondere der Lageraufbau hervorgehoben.<\/p>\n","protected":false},"excerpt":{"rendered":"<p>12. Mittelaltermarkt an der Dorenburg Zum nunmehr zw\u00f6lften Mal lockte der Mittelaltermarkt an der Dorenburg im Freilichtmuseum Grefrath. Geboten wurde wie bereits in den Jahren zuvor ein kleiner aber feiner Mittelaltermarkt und eine sehr kleine Feldschlacht, wetterbedingt eher eine Kampfeinlage. &hellip; <a class=\"kt-excerpt-readmore more-link\" href=\"https:\/\/www.viatoris.de\/viatoris\/2025\/05\/27\/dorenburg-in-grefrath-2025\/\">Weiterlesen<\/a><\/p>\n","protected":false},"author":1,"featured_media":395,"comment_status":"closed","ping_status":"closed","sticky":false,"template":"","format":"gallery","meta":{"kt_blocks_editor_width":"","footnotes":""},"categories":[3],"tags":[51,47,6,4],"class_list":["post-2458","post","type-post","status-publish","format-gallery","has-post-thumbnail","hentry","category-mittelalter","tag-burg","tag-freilichtmuseum","tag-mittelaltermarkt","tag-ritterlager","post_format-post-format-gallery"],"_links":{"self":[{"href":"https:\/\/www.viatoris.de\/viatoris\/wp-json\/wp\/v2\/posts\/2458","targetHints":{"allow":["GET"]}}],"collection":[{"href":"https:\/\/www.viatoris.de\/viatoris\/wp-json\/wp\/v2\/posts"}],"about":[{"href":"https:\/\/www.viatoris.de\/viatoris\/wp-json\/wp\/v2\/types\/post"}],"author":[{"embeddable":true,"href":"https:\/\/www.viatoris.de\/viatoris\/wp-json\/wp\/v2\/users\/1"}],"replies":[{"embeddable":true,"href":"https:\/\/www.viatoris.de\/viatoris\/wp-json\/wp\/v2\/comments?post=2458"}],"version-history":[{"count":4,"href":"https:\/\/www.viatoris.de\/viatoris\/wp-json\/wp\/v2\/posts\/2458\/revisions"}],"predecessor-version":[{"id":2505,"href":"https:\/\/www.viatoris.de\/viatoris\/wp-json\/wp\/v2\/posts\/2458\/revisions\/2505"}],"wp:featuredmedia":[{"embeddable":true,"href":"https:\/\/www.viatoris.de\/viatoris\/wp-json\/wp\/v2\/media\/395"}],"wp:attachment":[{"href":"https:\/\/www.viatoris.de\/viatoris\/wp-json\/wp\/v2\/media?parent=2458"}],"wp:term":[{"taxonomy":"category","embeddable":true,"href":"https:\/\/www.viatoris.de\/viatoris\/wp-json\/wp\/v2\/categories?post=2458"},{"taxonomy":"post_tag","embeddable":true,"href":"https:\/\/www.viatoris.de\/viatoris\/wp-json\/wp\/v2\/tags?post=2458"}],"curies":[{"name":"wp","href":"https:\/\/api.w.org\/{rel}","templated":true}]}}